{"id":737,"date":"2020-05-15T20:10:52","date_gmt":"2020-05-15T18:10:52","guid":{"rendered":"https:\/\/www.lycinaisjean.fr\/?p=737"},"modified":"2020-06-10T13:52:56","modified_gmt":"2020-06-10T11:52:56","slug":"2019-tour-dates","status":"publish","type":"post","link":"https:\/\/www.lycinaisjean.fr\/index.php\/2020\/05\/15\/2019-tour-dates\/","title":{"rendered":"2018-2019 Tour"},"content":{"rendered":"<p><strong><u>F\u00e9vrier 2018<\/u><\/strong><\/p>\n<ul>\n<li>14\/02\/2018\u00a0 : <em>Foire de Paris<\/em> &#8211; Paris<\/li>\n<li>22\/02\/2018 : <em>Concert Priv\u00e9<\/em> &#8211; Paris<\/li>\n<\/ul>\n<p><strong><u>et MARS 2018<\/u><\/strong><\/p>\n<ul>\n<li>10\/03\/2018 : Marseille <strong>\u00a0<\/strong><\/li>\n<li>15\/03\/2018 : <em>L\u2019Arobase<\/em> &#8211; Martinique<\/li>\n<li>16\/03\/2018 : <em>L\u2019Appart<\/em> &#8211; Guadeloupe<\/li>\n<li>17\/03\/2018 : <em>Concert NRJ<\/em> &#8211; Martinique<\/li>\n<\/ul>\n<p><strong><u>et AVRIL 2018<\/u><\/strong><\/p>\n<ul>\n<li>16\/04\/2018 : <em>TV France 24<\/em> \u2013 Paris<\/li>\n<li>19\/04\/2018 : <em>Concert Priv\u00e9<\/em> &#8211; Rennes<\/li>\n<li>24\/04\/2018 : <em>Be Black<\/em> &#8211; Marseille<\/li>\n<li>25\/04\/2018 : <em>Savonne<\/em> &#8211; Italie<\/li>\n<li>26\/04\/2018 : <em>Barcelone<\/em> &#8211; Espagne<\/li>\n<\/ul>\n<p><strong><u>et MAI 2018<\/u><\/strong><\/p>\n<ul>\n<li>6\/05\/2018 : <em>Montmartre Silent Show<\/em> &#8211; Paris<\/li>\n<li>15\/05\/2018 : <em>Luna Rossa<\/em>\u00a0 -Paris<\/li>\n<li>18\/05\/2018 : <em>Terre de Blues<\/em> &#8211; Guadeloupe<\/li>\n<li>22\/05\/2018 : <em>Palais des Sports<\/em> &#8211; Guadeloupe<\/li>\n<\/ul>\n<p><strong><u>et JUIN 2018<\/u><\/strong><\/p>\n<ul>\n<li>8\/06\/2018 : <em>Le Bando Chic<\/em> &#8211; Paris <strong>\u00a0<\/strong><\/li>\n<li>15\/06\/2018 : <em>Le Nine<\/em> &#8211; Villeurbanne<\/li>\n<li>19\/06\/2018 : <em>Cr\u00e9ole Beach<\/em> &#8211; Guadeloupe<\/li>\n<\/ul>\n<p>&nbsp;<\/p>\n<p><strong>JANVIER 2019<\/strong><\/p>\n<ul>\n<li>27\/01\/2019 : <em>Le Cr\u00e9ole Avenue<\/em> &#8211; Villeneuve-Saint-Georges \u2013 94190<\/li>\n<\/ul>\n<p><strong>et FEVRIER 2019<\/strong><\/p>\n<ul>\n<li>09\/02\/2019 :<em> l\u2019Appaloosa<\/em> \u2013 Martinique<\/li>\n<\/ul>\n<p><strong>et MARS 2019<\/strong><\/p>\n<ul>\n<li>13\/03\/2019 : Jarry\u2013 Guadeloupe<\/li>\n<li>14\/03\/2019 : Gosier \u2013 Guadeloupe<\/li>\n<li>15\/03\/2019 : Baillif- Guadeloupe<\/li>\n<li>16\/03\/2019 : Pointe \u00e0 Pitre &#8211; Guadeloupe<\/li>\n<li>16\/03\/2019 : Gosier &#8211; Guadeloupe<\/li>\n<li><span style=\"color: #808080;\">17\/03\/2019 : St-Fran\u00e7ois \u2013 Guadeloupe<\/span><\/li>\n<li>20\/03\/2019 : Fort-de-France \u2013 Martinique<\/li>\n<li>21\/03\/2019 : Ste-Luce \u2013 Martinique<\/li>\n<li>22\/03\/2019 : Diamant \u2013 Martinique<\/li>\n<li>23\/03\/2019 : Trinit\u00e9 \u2013 Martinique<\/li>\n<li>24\/03\/2019 : Fort-de-France \u2013 Martinique<\/li>\n<li>29\/03\/2019 : Canal+\/Trace TV \u2013 Guadeloupe<\/li>\n<li>30\/03\/2019 : Canal+\/Trace TV \u2013 Martinique<\/li>\n<\/ul>\n<p><strong>et AVRIL 2019<\/strong><\/p>\n<ul>\n<li>01\/04\/2019 : Canal+\/Trace TV \u2013 Guyane<\/li>\n<li>20\/04\/2019 : Showcase\u2013 Kassav&#8217;- La D\u00e9fense \u2013 92400<\/li>\n<\/ul>\n<p><strong>et MAI 2019<\/strong><\/p>\n<ul>\n<li>04\/05\/2019 : <em>Foire de Paris<\/em> \u2013 Paris<\/li>\n<li>09\/05\/2019 :<em> Emission FR3 \u2013 Renversant<\/em> &#8211; 72110<\/li>\n<li>11\/05\/2019 : 1<sup>er<\/sup> partie KASSAV&#8217; \u2013 <em>L\u2019Arena <\/em>&#8211; La D\u00e9fense \u2013 92400<\/li>\n<li>16\/05\/2019 : <em>Air Cara\u00efbe<\/em> \u2013 Orly \u2013 94390<\/li>\n<li>26\/05\/2019 : <em>Butte Montmartre<\/em> \u2013 Paris<\/li>\n<\/ul>\n<p><strong>et JUIN 2019<\/strong><\/p>\n<ul>\n<li>12\/06\/2019 : Port-Louis \u2013 Guadeloupe<\/li>\n<li>13\/06\/2019- : Benetley \u2013 St-Martin<\/li>\n<li>14\/06\/2019 : La Savane \u2013 St-Martin<\/li>\n<li>15\/06\/2019 : Terre de Haut \u2013 Les Saintes &#8211; Guadeloupe<\/li>\n<li>16\/06\/2019 : La D\u00e9sirade \u2013 Guadeloupe<\/li>\n<li>17\/06\/2019 : Le Moule \u2013 Guadeloupe<\/li>\n<li>18\/06\/2019 : Marie-Galante \u2013 Guadeloupe<\/li>\n<li>19\/06\/2019 : Fort-de-France \u2013 Martinique<\/li>\n<li>20\/06\/2019 : Trois-Ilets \u2013 Martinique<\/li>\n<li>21\/06\/2019 : Bellefontaine \u2013 Martinique<\/li>\n<\/ul>\n<p><strong>et JUILLET 2019<\/strong><\/p>\n<ul>\n<li>07\/07\/2019 : Silent Concert &#8211; Meaux \u2013 77100<\/li>\n<li>12\/07\/2019 : Kourou GUYANE<\/li>\n<\/ul>\n<p><strong>et AOUT 2019<\/strong><\/p>\n<ul>\n<li>04\/08\/2019 : Londres \u2013 UK<\/li>\n<li>14\/08\/2019 : Jarry \u2013 Guadeloupe<\/li>\n<li>17\/08\/2019 : Deshaies \u2013 Guadeloupe<\/li>\n<li>20\/08\/2019 : Jarry \u2013 Guadeloupe<\/li>\n<\/ul>\n<p><strong>et SEPTEMBRE 2019<\/strong><\/p>\n<ul>\n<li>13\/09\/2019 : Maripassoula \u2013 Guyane<\/li>\n<li>14\/09\/2019 : Apatou\u2013 Guyane<\/li>\n<li>15\/09\/2019 : ST-Laurent du Maroni \u2013 Guyane<\/li>\n<li>17\/09\/2019 :\u00a0 Mana \u2013 Guyane<\/li>\n<li>18\/09\/2019 : Sinnamary \u2013 Guyane<\/li>\n<li>19\/09\/2019 : Kourou \u2013 Guyane<\/li>\n<li>20\/09\/2019 : Macouria \u2013 Guyane<\/li>\n<li>21\/09\/2019 : Matoury \u2013 Guyane<\/li>\n<li>22\/09\/2019 : Remire-Monjoly \u2013 Guyane<\/li>\n<li>24\/09\/2019 : Cayenne \u2013 Guyane<\/li>\n<li>26\/09\/2019 : St-Georges \u2013 Guyane<\/li>\n<li>27\/09\/2019 : Cayenne \u2013 Guyane<\/li>\n<li>28\/09\/2019 : Cayenne \u2013 Guyane<\/li>\n<\/ul>\n<p><strong>et OCTOBRE 2019<\/strong><\/p>\n<ul>\n<li>18\/10\/2019 : La Saline Les Bains \u2013 La R\u00e9union<\/li>\n<li>19\/10\/2019 : Saint-Pierre \u2013 La R\u00e9union<\/li>\n<li>20\/10\/2019 : Saint-Louis \u2013 La R\u00e9union<\/li>\n<li>21\/10\/2019 : Saint-Gilles \u2013 La R\u00e9union<\/li>\n<li>22\/10\/2019 : Ste-Marie \u2013 La R\u00e9union<\/li>\n<li>23\/10\/2019 : L\u2019Entre-Deux \u2013 La R\u00e9union<\/li>\n<li>24\/10\/2019 : Saint-Paul \u2013 La R\u00e9union<\/li>\n<li>25\/10\/2019 : La Plaine des Palmistes \u2013 La R\u00e9union<\/li>\n<li>26\/10\/2019 : Saint-Philippe \u2013 La R\u00e9union<\/li>\n<li>27\/10\/2019 :\u00a0 Trois-Bassins \u2013 La R\u00e9union<\/li>\n<li>28\/10\/2019 : La Saline \u2013 La R\u00e9union<\/li>\n<li>29\/10\/2019 : Saint-Andr\u00e9 \u2013 La R\u00e9union<\/li>\n<li>30\/10\/2019 : Salazie \u2013La R\u00e9union<\/li>\n<li>31\/10\/2019 : Saint-Leu \u2013 La R\u00e9union<\/li>\n<\/ul>\n<p><strong>et NOVEMBRE 2019<\/strong><\/p>\n<ul>\n<li>01\/11\/2019 : Saint-Pierre \u2013 La R\u00e9union<\/li>\n<li>02\/11\/2019 : Saint-Denis \u2013 La R\u00e9union<\/li>\n<li>03\/11\/2019 : La Possession \u2013 La R\u00e9union<\/li>\n<\/ul>\n<p><strong>et DECEMBRE 2019 :<\/strong><\/p>\n<ul>\n<li>14\/12\/2019 : 1<sup>er<\/sup> partie KASSAV \u2013 <em>Stade Baie Mahault<\/em> \u2013 Guadeloupe<\/li>\n<li>19\/12\/2019 : <em>Th\u00e9\u00e2tre Le Z\u00e8bre de Belleville<\/em> \u2013 Paris<\/li>\n<li>20\/12\/2019 : <em>Th\u00e9\u00e2tre Le Z\u00e8bre de Belleville <\/em>\u2013 Paris<\/li>\n<li>21\/12\/2019 : <em>Th\u00e9\u00e2tre Le Z\u00e8bre de Belleville <\/em>\u2013 Paris<\/li>\n<li>26\/12\/2019 : <em>Th\u00e9\u00e2tre Le Z\u00e8bre de Belleville<\/em> \u2013 Paris<\/li>\n<li>27\/12\/2019 : <em>Th\u00e9\u00e2tre Le Z\u00e8bre de Belleville<\/em> \u2013 Paris<\/li>\n<li>28\/12\/2019 : <em>Th\u00e9\u00e2tre Le Z\u00e8bre de Belleville<\/em> \u2013 Paris<\/li>\n<\/ul>\n","protected":false},"excerpt":{"rendered":"<p>F\u00e9vrier 2018 14\/02\/2018\u00a0 : Foire de Paris &#8211; Paris 22\/02\/2018 : Concert Priv\u00e9 &#8211; Paris et MARS 2018 10\/03\/2018 : Marseille \u00a0 15\/03\/2018 : L\u2019Arobase &#8211; Martinique 16\/03\/2018 : L\u2019Appart &#8211; Guadeloupe 17\/03\/2018 : Concert NRJ &#8211; Martinique et AVRIL 2018 16\/04\/2018 : TV France 24 \u2013 Paris 19\/04\/2018 : Concert Priv\u00e9 &#8211; Rennes 24\/04\/2018&#8230;<\/p>\n","protected":false},"author":1,"featured_media":838,"comment_status":"closed","ping_status":"closed","sticky":false,"template":"","format":"standard","meta":{"_expiration-date-status":"saved","_expiration-date":0,"_expiration-date-type":"","_expiration-date-categories":[],"_expiration-date-options":[]},"categories":[23],"tags":[],"_links":{"self":[{"href":"https:\/\/www.lycinaisjean.fr\/index.php\/wp-json\/wp\/v2\/posts\/737"}],"collection":[{"href":"https:\/\/www.lycinaisjean.fr\/index.php\/wp-json\/wp\/v2\/posts"}],"about":[{"href":"https:\/\/www.lycinaisjean.fr\/index.php\/wp-json\/wp\/v2\/types\/post"}],"author":[{"embeddable":true,"href":"https:\/\/www.lycinaisjean.fr\/index.php\/wp-json\/wp\/v2\/users\/1"}],"replies":[{"embeddable":true,"href":"https:\/\/www.lycinaisjean.fr\/index.php\/wp-json\/wp\/v2\/comments?post=737"}],"version-history":[{"count":26,"href":"https:\/\/www.lycinaisjean.fr\/index.php\/wp-json\/wp\/v2\/posts\/737\/revisions"}],"predecessor-version":[{"id":970,"href":"https:\/\/www.lycinaisjean.fr\/index.php\/wp-json\/wp\/v2\/posts\/737\/revisions\/970"}],"wp:featuredmedia":[{"embeddable":true,"href":"https:\/\/www.lycinaisjean.fr\/index.php\/wp-json\/wp\/v2\/media\/838"}],"wp:attachment":[{"href":"https:\/\/www.lycinaisjean.fr\/index.php\/wp-json\/wp\/v2\/media?parent=737"}],"wp:term":[{"taxonomy":"category","embeddable":true,"href":"https:\/\/www.lycinaisjean.fr\/index.php\/wp-json\/wp\/v2\/categories?post=737"},{"taxonomy":"post_tag","embeddable":true,"href":"https:\/\/www.lycinaisjean.fr\/index.php\/wp-json\/wp\/v2\/tags?post=737"}],"curies":[{"name":"wp","href":"https:\/\/api.w.org\/{rel}","templated":true}]}}